{"id":1425,"date":"2014-06-11T13:56:35","date_gmt":"2014-06-11T13:56:35","guid":{"rendered":"http:\/\/www.bedandchai.com\/blog\/?p=1425"},"modified":"2014-06-11T13:56:35","modified_gmt":"2014-06-11T13:56:35","slug":"francais-parle-de-nous-dans-la-voix-du-nord","status":"publish","type":"post","link":"https:\/\/blog.bedandchai.com\/fr\/francais-parle-de-nous-dans-la-voix-du-nord\/","title":{"rendered":"On parle de nous dans la Voix Du Nord!"},"content":{"rendered":"<p>La Voix Du Nord est un quotidien r\u00e9gional du Nord dans lequel deux articles \u00e0 propos de Bed and Cha\u00ef sont apparus derni\u00e8rement. Les deux articles relatent l&rsquo;exp\u00e9rience indienne des deux fondatrices du bed &#038; breakfast Bed and Cha\u00ef. Le premier est paru dans la section \u00ab\u00a0expatri\u00e9es\u00a0\u00bb du journal de Lille le 9 Mai 2014 d&rsquo;Arras le 12 Juin 2014 et le deuxi\u00e8me, dans la section \u00ab\u00a0On ne perd pas le Nord!\u00a0\u00bb le 9 Juin 2014.<\/p>\n<p>Vous pouvez lire ces deux articles en ligne:\u00a0<a href=\"http:\/\/chtisdailleurs.blogs.lavoixdunord.fr\/archive\/2014\/06\/10\/coraline-joveneaux-du-nord-au-sud-de-delhi-13112.html\">Coraline Joveneaux\u00a0<\/a>et\u00a0<a href=\"http:\/\/www.lavoixdunord.fr\/region\/l-epatante-aventure-indienne-d-une-jeune-lilloise-et-ia19b0n2122156\">Clara Kanner<\/a><\/p>\n<p>Nordistes, \u00e0 bient\u00f4t \u00e0 Bed and Cha\u00ef!<\/p>","protected":false},"excerpt":{"rendered":"<p>La Voix Du Nord est un quotidien r\u00e9gional du Nord dans lequel deux articles \u00e0 propos de Bed and Cha\u00ef sont apparus derni\u00e8rement. Les deux articles relatent l&rsquo;exp\u00e9rience indienne des deux fondatrices du bed &#038; breakfast Bed and Cha\u00ef. Le premier est paru dans la section \u00ab\u00a0expatri\u00e9es\u00a0\u00bb du journal de Lille le 9 Mai 2014 [&hellip;]<\/p>\n","protected":false},"author":11,"featured_media":1429,"comment_status":"open","ping_status":"open","sticky":false,"template":"","format":"standard","meta":{"_jetpack_memberships_contains_paid_content":false,"footnotes":"","jetpack_publicize_message":"","jetpack_publicize_feature_enabled":true,"jetpack_social_post_already_shared":false,"jetpack_social_options":{"image_generator_settings":{"template":"highway","default_image_id":0,"font":"","enabled":false},"version":2}},"categories":[7,225],"tags":[],"class_list":{"0":"post-1425","1":"post","2":"type-post","3":"status-publish","4":"format-standard","5":"has-post-thumbnail","7":"category-about-bed-chai","8":"category-medias","9":"czr-hentry"},"yoast_head":"<!-- This site is optimized with the Yoast SEO plugin v27.5 - https:\/\/yoast.com\/product\/yoast-seo-wordpress\/ -->\n<title>On parle de nous dans la Voix Du Nord! - Bed &amp; Cha\u00ef Blog<\/title>\n<meta name=\"robots\" content=\"index, follow, max-snippet:-1, max-image-preview:large, max-video-preview:-1\" \/>\n<link rel=\"canonical\" href=\"https:\/\/blog.bedandchai.com\/fr\/francais-parle-de-nous-dans-la-voix-du-nord\/\" \/>\n<meta property=\"og:locale\" content=\"fr_FR\" \/>\n<meta property=\"og:type\" content=\"article\" \/>\n<meta property=\"og:title\" content=\"On parle de nous dans la Voix Du Nord! - Bed &amp; Cha\u00ef Blog\" \/>\n<meta property=\"og:description\" content=\"La Voix Du Nord est un quotidien r\u00e9gional du Nord dans lequel deux articles \u00e0 propos de Bed and Cha\u00ef sont apparus derni\u00e8rement. Les deux articles relatent l&rsquo;exp\u00e9rience indienne des deux fondatrices du bed &#038; breakfast Bed and Cha\u00ef. Le premier est paru dans la section \u00ab\u00a0expatri\u00e9es\u00a0\u00bb du journal de Lille le 9 Mai 2014 [&hellip;]\" \/>\n<meta property=\"og:url\" content=\"https:\/\/blog.bedandchai.com\/fr\/francais-parle-de-nous-dans-la-voix-du-nord\/\" \/>\n<meta property=\"og:site_name\" content=\"Bed &amp; Cha\u00ef Blog\" \/>\n<meta property=\"article:publisher\" content=\"http:\/\/www.facebook.com\/bedandchai\" \/>\n<meta property=\"article:published_time\" content=\"2014-06-11T13:56:35+00:00\" \/>\n<meta property=\"og:image\" content=\"https:\/\/blog.bedandchai.com\/wp-content\/uploads\/2014\/06\/IMG_0322.jpg\" \/>\n\t<meta property=\"og:image:width\" content=\"1600\" \/>\n\t<meta property=\"og:image:height\" content=\"1200\" \/>\n\t<meta property=\"og:image:type\" content=\"image\/jpeg\" \/>\n<meta name=\"author\" content=\"Clara\" \/>\n<meta name=\"twitter:card\" content=\"summary_large_image\" \/>\n<meta name=\"twitter:label1\" content=\"\u00c9crit par\" \/>\n\t<meta name=\"twitter:data1\" content=\"Clara\" \/>\n<script type=\"application\/ld+json\" class=\"yoast-schema-graph\">{\"@context\":\"https:\\\/\\\/schema.org\",\"@graph\":[{\"@type\":\"Article\",\"@id\":\"https:\\\/\\\/blog.bedandchai.com\\\/fr\\\/francais-parle-de-nous-dans-la-voix-du-nord\\\/#article\",\"isPartOf\":{\"@id\":\"https:\\\/\\\/blog.bedandchai.com\\\/fr\\\/francais-parle-de-nous-dans-la-voix-du-nord\\\/\"},\"author\":{\"name\":\"Clara\",\"@id\":\"http:\\\/\\\/blog.bedandchai.com\\\/#\\\/schema\\\/person\\\/e69e6440a825400bb2ca4e440d68d6c8\"},\"headline\":\"On parle de nous dans la Voix Du Nord!\",\"datePublished\":\"2014-06-11T13:56:35+00:00\",\"mainEntityOfPage\":{\"@id\":\"https:\\\/\\\/blog.bedandchai.com\\\/fr\\\/francais-parle-de-nous-dans-la-voix-du-nord\\\/\"},\"wordCount\":103,\"commentCount\":0,\"publisher\":{\"@id\":\"http:\\\/\\\/blog.bedandchai.com\\\/#organization\"},\"image\":{\"@id\":\"https:\\\/\\\/blog.bedandchai.com\\\/fr\\\/francais-parle-de-nous-dans-la-voix-du-nord\\\/#primaryimage\"},\"thumbnailUrl\":\"https:\\\/\\\/blog.bedandchai.com\\\/wp-content\\\/uploads\\\/2014\\\/06\\\/IMG_0322.jpg\",\"articleSection\":[\"A propos de Bed &amp; Cha\u00ef\",\"Ils parlent de nous\"],\"inLanguage\":\"fr-FR\",\"potentialAction\":[{\"@type\":\"CommentAction\",\"name\":\"Comment\",\"target\":[\"https:\\\/\\\/blog.bedandchai.com\\\/fr\\\/francais-parle-de-nous-dans-la-voix-du-nord\\\/#respond\"]}]},{\"@type\":\"WebPage\",\"@id\":\"https:\\\/\\\/blog.bedandchai.com\\\/fr\\\/francais-parle-de-nous-dans-la-voix-du-nord\\\/\",\"url\":\"https:\\\/\\\/blog.bedandchai.com\\\/fr\\\/francais-parle-de-nous-dans-la-voix-du-nord\\\/\",\"name\":\"On parle de nous dans la Voix Du Nord! - Bed &amp; Cha\u00ef Blog\",\"isPartOf\":{\"@id\":\"http:\\\/\\\/blog.bedandchai.com\\\/#website\"},\"primaryImageOfPage\":{\"@id\":\"https:\\\/\\\/blog.bedandchai.com\\\/fr\\\/francais-parle-de-nous-dans-la-voix-du-nord\\\/#primaryimage\"},\"image\":{\"@id\":\"https:\\\/\\\/blog.bedandchai.com\\\/fr\\\/francais-parle-de-nous-dans-la-voix-du-nord\\\/#primaryimage\"},\"thumbnailUrl\":\"https:\\\/\\\/blog.bedandchai.com\\\/wp-content\\\/uploads\\\/2014\\\/06\\\/IMG_0322.jpg\",\"datePublished\":\"2014-06-11T13:56:35+00:00\",\"breadcrumb\":{\"@id\":\"https:\\\/\\\/blog.bedandchai.com\\\/fr\\\/francais-parle-de-nous-dans-la-voix-du-nord\\\/#breadcrumb\"},\"inLanguage\":\"fr-FR\",\"potentialAction\":[{\"@type\":\"ReadAction\",\"target\":[\"https:\\\/\\\/blog.bedandchai.com\\\/fr\\\/francais-parle-de-nous-dans-la-voix-du-nord\\\/\"]}]},{\"@type\":\"ImageObject\",\"inLanguage\":\"fr-FR\",\"@id\":\"https:\\\/\\\/blog.bedandchai.com\\\/fr\\\/francais-parle-de-nous-dans-la-voix-du-nord\\\/#primaryimage\",\"url\":\"https:\\\/\\\/blog.bedandchai.com\\\/wp-content\\\/uploads\\\/2014\\\/06\\\/IMG_0322.jpg\",\"contentUrl\":\"https:\\\/\\\/blog.bedandchai.com\\\/wp-content\\\/uploads\\\/2014\\\/06\\\/IMG_0322.jpg\",\"width\":1600,\"height\":1200,\"caption\":\"Voix du nord\"},{\"@type\":\"BreadcrumbList\",\"@id\":\"https:\\\/\\\/blog.bedandchai.com\\\/fr\\\/francais-parle-de-nous-dans-la-voix-du-nord\\\/#breadcrumb\",\"itemListElement\":[{\"@type\":\"ListItem\",\"position\":1,\"name\":\"Home\",\"item\":\"http:\\\/\\\/blog.bedandchai.com\\\/\"},{\"@type\":\"ListItem\",\"position\":2,\"name\":\"On parle de nous dans la Voix Du Nord!\"}]},{\"@type\":\"WebSite\",\"@id\":\"http:\\\/\\\/blog.bedandchai.com\\\/#website\",\"url\":\"http:\\\/\\\/blog.bedandchai.com\\\/\",\"name\":\"Bed &amp; Cha\u00ef Blog\",\"description\":\"Discover New Delhi with Bed&amp;Chai Guesthouse\",\"publisher\":{\"@id\":\"http:\\\/\\\/blog.bedandchai.com\\\/#organization\"},\"potentialAction\":[{\"@type\":\"SearchAction\",\"target\":{\"@type\":\"EntryPoint\",\"urlTemplate\":\"http:\\\/\\\/blog.bedandchai.com\\\/?s={search_term_string}\"},\"query-input\":{\"@type\":\"PropertyValueSpecification\",\"valueRequired\":true,\"valueName\":\"search_term_string\"}}],\"inLanguage\":\"fr-FR\"},{\"@type\":\"Organization\",\"@id\":\"http:\\\/\\\/blog.bedandchai.com\\\/#organization\",\"name\":\"Naora Hospitality Pvt Ltd\",\"url\":\"http:\\\/\\\/blog.bedandchai.com\\\/\",\"logo\":{\"@type\":\"ImageObject\",\"inLanguage\":\"fr-FR\",\"@id\":\"http:\\\/\\\/blog.bedandchai.com\\\/#\\\/schema\\\/logo\\\/image\\\/\",\"url\":\"https:\\\/\\\/blog.bedandchai.com\\\/wp-content\\\/uploads\\\/2015\\\/07\\\/bedanchai.png\",\"contentUrl\":\"https:\\\/\\\/blog.bedandchai.com\\\/wp-content\\\/uploads\\\/2015\\\/07\\\/bedanchai.png\",\"width\":487,\"height\":371,\"caption\":\"Naora Hospitality Pvt Ltd\"},\"image\":{\"@id\":\"http:\\\/\\\/blog.bedandchai.com\\\/#\\\/schema\\\/logo\\\/image\\\/\"},\"sameAs\":[\"http:\\\/\\\/www.facebook.com\\\/bedandchai\"]},{\"@type\":\"Person\",\"@id\":\"http:\\\/\\\/blog.bedandchai.com\\\/#\\\/schema\\\/person\\\/e69e6440a825400bb2ca4e440d68d6c8\",\"name\":\"Clara\",\"image\":{\"@type\":\"ImageObject\",\"inLanguage\":\"fr-FR\",\"@id\":\"https:\\\/\\\/secure.gravatar.com\\\/avatar\\\/0e4d90d1ec4111d2415400274d3dc73779da75663e0a4cb6ea889f01e1010a40?s=96&d=mm&r=g\",\"url\":\"https:\\\/\\\/secure.gravatar.com\\\/avatar\\\/0e4d90d1ec4111d2415400274d3dc73779da75663e0a4cb6ea889f01e1010a40?s=96&d=mm&r=g\",\"contentUrl\":\"https:\\\/\\\/secure.gravatar.com\\\/avatar\\\/0e4d90d1ec4111d2415400274d3dc73779da75663e0a4cb6ea889f01e1010a40?s=96&d=mm&r=g\",\"caption\":\"Clara\"},\"url\":\"https:\\\/\\\/blog.bedandchai.com\\\/fr\\\/author\\\/clara\\\/\"}]}<\/script>\n<!-- \/ Yoast SEO plugin. -->","yoast_head_json":{"title":"On parle de nous dans la Voix Du Nord! - Bed &amp; Cha\u00ef Blog","robots":{"index":"index","follow":"follow","max-snippet":"max-snippet:-1","max-image-preview":"max-image-preview:large","max-video-preview":"max-video-preview:-1"},"canonical":"https:\/\/blog.bedandchai.com\/fr\/francais-parle-de-nous-dans-la-voix-du-nord\/","og_locale":"fr_FR","og_type":"article","og_title":"On parle de nous dans la Voix Du Nord! - Bed &amp; Cha\u00ef Blog","og_description":"La Voix Du Nord est un quotidien r\u00e9gional du Nord dans lequel deux articles \u00e0 propos de Bed and Cha\u00ef sont apparus derni\u00e8rement. Les deux articles relatent l&rsquo;exp\u00e9rience indienne des deux fondatrices du bed &#038; breakfast Bed and Cha\u00ef. Le premier est paru dans la section \u00ab\u00a0expatri\u00e9es\u00a0\u00bb du journal de Lille le 9 Mai 2014 [&hellip;]","og_url":"https:\/\/blog.bedandchai.com\/fr\/francais-parle-de-nous-dans-la-voix-du-nord\/","og_site_name":"Bed &amp; Cha\u00ef Blog","article_publisher":"http:\/\/www.facebook.com\/bedandchai","article_published_time":"2014-06-11T13:56:35+00:00","og_image":[{"width":1600,"height":1200,"url":"https:\/\/blog.bedandchai.com\/wp-content\/uploads\/2014\/06\/IMG_0322.jpg","type":"image\/jpeg"}],"author":"Clara","twitter_card":"summary_large_image","twitter_misc":{"\u00c9crit par":"Clara"},"schema":{"@context":"https:\/\/schema.org","@graph":[{"@type":"Article","@id":"https:\/\/blog.bedandchai.com\/fr\/francais-parle-de-nous-dans-la-voix-du-nord\/#article","isPartOf":{"@id":"https:\/\/blog.bedandchai.com\/fr\/francais-parle-de-nous-dans-la-voix-du-nord\/"},"author":{"name":"Clara","@id":"http:\/\/blog.bedandchai.com\/#\/schema\/person\/e69e6440a825400bb2ca4e440d68d6c8"},"headline":"On parle de nous dans la Voix Du Nord!","datePublished":"2014-06-11T13:56:35+00:00","mainEntityOfPage":{"@id":"https:\/\/blog.bedandchai.com\/fr\/francais-parle-de-nous-dans-la-voix-du-nord\/"},"wordCount":103,"commentCount":0,"publisher":{"@id":"http:\/\/blog.bedandchai.com\/#organization"},"image":{"@id":"https:\/\/blog.bedandchai.com\/fr\/francais-parle-de-nous-dans-la-voix-du-nord\/#primaryimage"},"thumbnailUrl":"https:\/\/blog.bedandchai.com\/wp-content\/uploads\/2014\/06\/IMG_0322.jpg","articleSection":["A propos de Bed &amp; Cha\u00ef","Ils parlent de nous"],"inLanguage":"fr-FR","potentialAction":[{"@type":"CommentAction","name":"Comment","target":["https:\/\/blog.bedandchai.com\/fr\/francais-parle-de-nous-dans-la-voix-du-nord\/#respond"]}]},{"@type":"WebPage","@id":"https:\/\/blog.bedandchai.com\/fr\/francais-parle-de-nous-dans-la-voix-du-nord\/","url":"https:\/\/blog.bedandchai.com\/fr\/francais-parle-de-nous-dans-la-voix-du-nord\/","name":"On parle de nous dans la Voix Du Nord! - Bed &amp; Cha\u00ef Blog","isPartOf":{"@id":"http:\/\/blog.bedandchai.com\/#website"},"primaryImageOfPage":{"@id":"https:\/\/blog.bedandchai.com\/fr\/francais-parle-de-nous-dans-la-voix-du-nord\/#primaryimage"},"image":{"@id":"https:\/\/blog.bedandchai.com\/fr\/francais-parle-de-nous-dans-la-voix-du-nord\/#primaryimage"},"thumbnailUrl":"https:\/\/blog.bedandchai.com\/wp-content\/uploads\/2014\/06\/IMG_0322.jpg","datePublished":"2014-06-11T13:56:35+00:00","breadcrumb":{"@id":"https:\/\/blog.bedandchai.com\/fr\/francais-parle-de-nous-dans-la-voix-du-nord\/#breadcrumb"},"inLanguage":"fr-FR","potentialAction":[{"@type":"ReadAction","target":["https:\/\/blog.bedandchai.com\/fr\/francais-parle-de-nous-dans-la-voix-du-nord\/"]}]},{"@type":"ImageObject","inLanguage":"fr-FR","@id":"https:\/\/blog.bedandchai.com\/fr\/francais-parle-de-nous-dans-la-voix-du-nord\/#primaryimage","url":"https:\/\/blog.bedandchai.com\/wp-content\/uploads\/2014\/06\/IMG_0322.jpg","contentUrl":"https:\/\/blog.bedandchai.com\/wp-content\/uploads\/2014\/06\/IMG_0322.jpg","width":1600,"height":1200,"caption":"Voix du nord"},{"@type":"BreadcrumbList","@id":"https:\/\/blog.bedandchai.com\/fr\/francais-parle-de-nous-dans-la-voix-du-nord\/#breadcrumb","itemListElement":[{"@type":"ListItem","position":1,"name":"Home","item":"http:\/\/blog.bedandchai.com\/"},{"@type":"ListItem","position":2,"name":"On parle de nous dans la Voix Du Nord!"}]},{"@type":"WebSite","@id":"http:\/\/blog.bedandchai.com\/#website","url":"http:\/\/blog.bedandchai.com\/","name":"Bed &amp; Cha\u00ef Blog","description":"Discover New Delhi with Bed&amp;Chai Guesthouse","publisher":{"@id":"http:\/\/blog.bedandchai.com\/#organization"},"potentialAction":[{"@type":"SearchAction","target":{"@type":"EntryPoint","urlTemplate":"http:\/\/blog.bedandchai.com\/?s={search_term_string}"},"query-input":{"@type":"PropertyValueSpecification","valueRequired":true,"valueName":"search_term_string"}}],"inLanguage":"fr-FR"},{"@type":"Organization","@id":"http:\/\/blog.bedandchai.com\/#organization","name":"Naora Hospitality Pvt Ltd","url":"http:\/\/blog.bedandchai.com\/","logo":{"@type":"ImageObject","inLanguage":"fr-FR","@id":"http:\/\/blog.bedandchai.com\/#\/schema\/logo\/image\/","url":"https:\/\/blog.bedandchai.com\/wp-content\/uploads\/2015\/07\/bedanchai.png","contentUrl":"https:\/\/blog.bedandchai.com\/wp-content\/uploads\/2015\/07\/bedanchai.png","width":487,"height":371,"caption":"Naora Hospitality Pvt Ltd"},"image":{"@id":"http:\/\/blog.bedandchai.com\/#\/schema\/logo\/image\/"},"sameAs":["http:\/\/www.facebook.com\/bedandchai"]},{"@type":"Person","@id":"http:\/\/blog.bedandchai.com\/#\/schema\/person\/e69e6440a825400bb2ca4e440d68d6c8","name":"Clara","image":{"@type":"ImageObject","inLanguage":"fr-FR","@id":"https:\/\/secure.gravatar.com\/avatar\/0e4d90d1ec4111d2415400274d3dc73779da75663e0a4cb6ea889f01e1010a40?s=96&d=mm&r=g","url":"https:\/\/secure.gravatar.com\/avatar\/0e4d90d1ec4111d2415400274d3dc73779da75663e0a4cb6ea889f01e1010a40?s=96&d=mm&r=g","contentUrl":"https:\/\/secure.gravatar.com\/avatar\/0e4d90d1ec4111d2415400274d3dc73779da75663e0a4cb6ea889f01e1010a40?s=96&d=mm&r=g","caption":"Clara"},"url":"https:\/\/blog.bedandchai.com\/fr\/author\/clara\/"}]}},"jetpack_publicize_connections":[],"jetpack_featured_media_url":"https:\/\/blog.bedandchai.com\/wp-content\/uploads\/2014\/06\/IMG_0322.jpg","jetpack_shortlink":"https:\/\/wp.me\/p5lY2e-mZ","jetpack-related-posts":[{"id":3586,"url":"https:\/\/blog.bedandchai.com\/fr\/bed-chai-on-weekend-at-orchha\/","url_meta":{"origin":1425,"position":0},"title":"Bed &#038; Cha\u00ef en weekend \u00e0 Orchh\u00e2","author":"Meriam Ben Said","date":"mercredi  2 septembre 2015","format":false,"excerpt":"Il y a quelques jours, Niels et moi avons eu la chance de d\u00e9couvrir le charme et les tr\u00e9sors d' Orchh\u00e2. Cette petite ville de l\u2019Etat de Madhya Pradesh, situ\u00e9e \u00e0 environ 10 kilom\u00e8tres au sud de Janshi, est encore bien pr\u00e9serv\u00e9e des foules de touristes que l\u2019on a tant\u2026","rel":"","context":"Dans &quot;Voyager en Inde&quot;","block_context":{"text":"Voyager en Inde","link":"https:\/\/blog.bedandchai.com\/fr\/category\/travels-in-india\/"},"img":{"alt_text":"Week end at Orchh\u00e2","src":"https:\/\/i0.wp.com\/blog.bedandchai.com\/wp-content\/uploads\/2015\/08\/IMG_7405.jpg?resize=350%2C200&ssl=1","width":350,"height":200,"srcset":"https:\/\/i0.wp.com\/blog.bedandchai.com\/wp-content\/uploads\/2015\/08\/IMG_7405.jpg?resize=350%2C200&ssl=1 1x, https:\/\/i0.wp.com\/blog.bedandchai.com\/wp-content\/uploads\/2015\/08\/IMG_7405.jpg?resize=525%2C300&ssl=1 1.5x, https:\/\/i0.wp.com\/blog.bedandchai.com\/wp-content\/uploads\/2015\/08\/IMG_7405.jpg?resize=700%2C400&ssl=1 2x, https:\/\/i0.wp.com\/blog.bedandchai.com\/wp-content\/uploads\/2015\/08\/IMG_7405.jpg?resize=1050%2C600&ssl=1 3x, https:\/\/i0.wp.com\/blog.bedandchai.com\/wp-content\/uploads\/2015\/08\/IMG_7405.jpg?resize=1400%2C800&ssl=1 4x"},"classes":[]},{"id":3602,"url":"https:\/\/blog.bedandchai.com\/fr\/we-are-in-lonely-planet\/","url_meta":{"origin":1425,"position":1},"title":"Nous sommes dans le Lonely Planet!","author":"Coraline","date":"lundi  7 septembre 2015","format":false,"excerpt":"Toute l\u2019\u00e9quipe Bed&Chai est tr\u00e8s fi\u00e8re d\u2019\u00eatre dans la nouvelle \u00e9dition du Lonely Planet!","rel":"","context":"Dans &quot;Informations pratiques&quot;","block_context":{"text":"Informations pratiques","link":"https:\/\/blog.bedandchai.com\/fr\/category\/practical-information\/"},"img":{"alt_text":"Lonely Planet","src":"https:\/\/i0.wp.com\/blog.bedandchai.com\/wp-content\/uploads\/2015\/09\/en_201509_Lonely-Planet.jpg?resize=350%2C200&ssl=1","width":350,"height":200,"srcset":"https:\/\/i0.wp.com\/blog.bedandchai.com\/wp-content\/uploads\/2015\/09\/en_201509_Lonely-Planet.jpg?resize=350%2C200&ssl=1 1x, https:\/\/i0.wp.com\/blog.bedandchai.com\/wp-content\/uploads\/2015\/09\/en_201509_Lonely-Planet.jpg?resize=525%2C300&ssl=1 1.5x, https:\/\/i0.wp.com\/blog.bedandchai.com\/wp-content\/uploads\/2015\/09\/en_201509_Lonely-Planet.jpg?resize=700%2C400&ssl=1 2x, https:\/\/i0.wp.com\/blog.bedandchai.com\/wp-content\/uploads\/2015\/09\/en_201509_Lonely-Planet.jpg?resize=1050%2C600&ssl=1 3x"},"classes":[]},{"id":3686,"url":"https:\/\/blog.bedandchai.com\/fr\/my-little-india-valla-photo-contest\/","url_meta":{"origin":1425,"position":2},"title":"Concours photo mylittleindiavalla","author":"Meriam Ben Said","date":"mardi 13 octobre 2015","format":false,"excerpt":"Participez au concours mylittleindiavalla ! Comment participer?\u00a0 Prenez une photo d'un valla indien, ces nombreux m\u00e9tiers qui animent les rues indiennes, du cordonnier au vendeur de chai ambulant. Postez votre photo avec\u00a0#mylittleindiavalla\u00a0et\u00a0#bedandchai\u00a0dans la l\u00e9gende. Si vous n'avez pas de compte Instagram, postez votre photo en commentaire de notre publication facebook.\u2026","rel":"","context":"Dans &quot;Activit\u00e9s&quot;","block_context":{"text":"Activit\u00e9s","link":"https:\/\/blog.bedandchai.com\/fr\/category\/activities\/"},"img":{"alt_text":"mylittleindiavalla","src":"https:\/\/i0.wp.com\/blog.bedandchai.com\/wp-content\/uploads\/2015\/10\/mylittleindiavalla.jpg?resize=350%2C200&ssl=1","width":350,"height":200,"srcset":"https:\/\/i0.wp.com\/blog.bedandchai.com\/wp-content\/uploads\/2015\/10\/mylittleindiavalla.jpg?resize=350%2C200&ssl=1 1x, https:\/\/i0.wp.com\/blog.bedandchai.com\/wp-content\/uploads\/2015\/10\/mylittleindiavalla.jpg?resize=525%2C300&ssl=1 1.5x, https:\/\/i0.wp.com\/blog.bedandchai.com\/wp-content\/uploads\/2015\/10\/mylittleindiavalla.jpg?resize=700%2C400&ssl=1 2x, https:\/\/i0.wp.com\/blog.bedandchai.com\/wp-content\/uploads\/2015\/10\/mylittleindiavalla.jpg?resize=1050%2C600&ssl=1 3x, https:\/\/i0.wp.com\/blog.bedandchai.com\/wp-content\/uploads\/2015\/10\/mylittleindiavalla.jpg?resize=1400%2C800&ssl=1 4x"},"classes":[]},{"id":3788,"url":"https:\/\/blog.bedandchai.com\/fr\/pongalfestival\/","url_meta":{"origin":1425,"position":3},"title":"Pongal : La F\u00eate des Moissons","author":"Meriam Ben Said","date":"jeudi 14 janvier 2016","format":false,"excerpt":"Pongal, l\u2019un des plus populaires festivals Hindous de l\u2019ann\u00e9e, est essentiellement une f\u00eate agricole cel\u00e9br\u00e9e en Inde du sud, particuli\u00e8rement au Tamil Nadu. La f\u00eate des moissons\u00a0sera f\u00eat\u00e9e le 15 janvier cette ann\u00e9e. \u00a0 Qu\u2019est ce que Pongal ? De nombreux Etats du sud de l'Inde c\u00e9l\u00e8brent le Pongal comme\u2026","rel":"","context":"Dans &quot;Culture&quot;","block_context":{"text":"Culture","link":"https:\/\/blog.bedandchai.com\/fr\/category\/culture\/"},"img":{"alt_text":"Pongal Festival","src":"https:\/\/i0.wp.com\/blog.bedandchai.com\/wp-content\/uploads\/2016\/01\/pongal.jpg?resize=350%2C200&ssl=1","width":350,"height":200,"srcset":"https:\/\/i0.wp.com\/blog.bedandchai.com\/wp-content\/uploads\/2016\/01\/pongal.jpg?resize=350%2C200&ssl=1 1x, https:\/\/i0.wp.com\/blog.bedandchai.com\/wp-content\/uploads\/2016\/01\/pongal.jpg?resize=525%2C300&ssl=1 1.5x, https:\/\/i0.wp.com\/blog.bedandchai.com\/wp-content\/uploads\/2016\/01\/pongal.jpg?resize=700%2C400&ssl=1 2x"},"classes":[]},{"id":3689,"url":"https:\/\/blog.bedandchai.com\/fr\/navaratri-hindu-goddess-festival\/","url_meta":{"origin":1425,"position":4},"title":"Navaratri, festival des d\u00e9esses hindoues","author":"Meriam Ben Said","date":"mercredi 14 octobre 2015","format":false,"excerpt":"Depuis hier, mardi 13 octobre 2015, l\u2019Inde toute enti\u00e8re c\u00e9l\u00e8bre le festival de Navaratri. Cette f\u00eate Hindoue de 9 nuits et 10 jours est une c\u00e9l\u00e9bration du panth\u00e9on f\u00e9minin de l\u2019Hindouisme. Elle s\u2019ach\u00e8vera le 22 octobre. Navaratri d\u00e9rive de deux mots Sanskrits\u00a0: de \u00ab\u00a0nava\u00a0\u00bb qui signifie neuf et \u00ab\u00a0ratri\u00a0\u00bb nuits.\u2026","rel":"","context":"Dans &quot;Culture&quot;","block_context":{"text":"Culture","link":"https:\/\/blog.bedandchai.com\/fr\/category\/culture\/"},"img":{"alt_text":"","src":"https:\/\/i0.wp.com\/blog.bedandchai.com\/wp-content\/uploads\/2015\/10\/1.-httporigin-blogimages.travelyaari.comwp-contentuploads2013071-saurabhrajenshah1.jpg.jpg?resize=350%2C200&ssl=1","width":350,"height":200,"srcset":"https:\/\/i0.wp.com\/blog.bedandchai.com\/wp-content\/uploads\/2015\/10\/1.-httporigin-blogimages.travelyaari.comwp-contentuploads2013071-saurabhrajenshah1.jpg.jpg?resize=350%2C200&ssl=1 1x, https:\/\/i0.wp.com\/blog.bedandchai.com\/wp-content\/uploads\/2015\/10\/1.-httporigin-blogimages.travelyaari.comwp-contentuploads2013071-saurabhrajenshah1.jpg.jpg?resize=525%2C300&ssl=1 1.5x"},"classes":[]},{"id":4221,"url":"https:\/\/blog.bedandchai.com\/fr\/holi-bedchai-with-tara-kids\/","url_meta":{"origin":1425,"position":5},"title":"Holi \u00e0 Bed&#038;Chai avec Tara kids!","author":"Coraline","date":"lundi  5 mars 2018","format":false,"excerpt":"La f\u00eate d'Holi A la pleine\u00a0Lune du mois de Mars, c'est Holi, la f\u00eate des couleurs! Depuis la cr\u00e9ation de la guesthouse, nous jouons \u00e0 Holi avec les enfants de l'ONG Tara. Et cette ann\u00e9e encore, les enfants se sont donn\u00e9s \u00e0 c\u0153ur joie pour colorer tous les participants! Plus\u2026","rel":"","context":"Dans &quot;Evenements &amp; Festivals&quot;","block_context":{"text":"Evenements &amp; Festivals","link":"https:\/\/blog.bedandchai.com\/fr\/category\/events-festivals\/"},"img":{"alt_text":"NGO","src":"https:\/\/i0.wp.com\/blog.bedandchai.com\/wp-content\/uploads\/2018\/03\/holi2.jpg?resize=350%2C200&ssl=1","width":350,"height":200,"srcset":"https:\/\/i0.wp.com\/blog.bedandchai.com\/wp-content\/uploads\/2018\/03\/holi2.jpg?resize=350%2C200&ssl=1 1x, https:\/\/i0.wp.com\/blog.bedandchai.com\/wp-content\/uploads\/2018\/03\/holi2.jpg?resize=525%2C300&ssl=1 1.5x, https:\/\/i0.wp.com\/blog.bedandchai.com\/wp-content\/uploads\/2018\/03\/holi2.jpg?resize=700%2C400&ssl=1 2x, https:\/\/i0.wp.com\/blog.bedandchai.com\/wp-content\/uploads\/2018\/03\/holi2.jpg?resize=1050%2C600&ssl=1 3x"},"classes":[]}],"jetpack_sharing_enabled":true,"_links":{"self":[{"href":"https:\/\/blog.bedandchai.com\/fr\/wp-json\/wp\/v2\/posts\/1425","targetHints":{"allow":["GET"]}}],"collection":[{"href":"https:\/\/blog.bedandchai.com\/fr\/wp-json\/wp\/v2\/posts"}],"about":[{"href":"https:\/\/blog.bedandchai.com\/fr\/wp-json\/wp\/v2\/types\/post"}],"author":[{"embeddable":true,"href":"https:\/\/blog.bedandchai.com\/fr\/wp-json\/wp\/v2\/users\/11"}],"replies":[{"embeddable":true,"href":"https:\/\/blog.bedandchai.com\/fr\/wp-json\/wp\/v2\/comments?post=1425"}],"version-history":[{"count":4,"href":"https:\/\/blog.bedandchai.com\/fr\/wp-json\/wp\/v2\/posts\/1425\/revisions"}],"predecessor-version":[{"id":1433,"href":"https:\/\/blog.bedandchai.com\/fr\/wp-json\/wp\/v2\/posts\/1425\/revisions\/1433"}],"wp:featuredmedia":[{"embeddable":true,"href":"https:\/\/blog.bedandchai.com\/fr\/wp-json\/wp\/v2\/media\/1429"}],"wp:attachment":[{"href":"https:\/\/blog.bedandchai.com\/fr\/wp-json\/wp\/v2\/media?parent=1425"}],"wp:term":[{"taxonomy":"category","embeddable":true,"href":"https:\/\/blog.bedandchai.com\/fr\/wp-json\/wp\/v2\/categories?post=1425"},{"taxonomy":"post_tag","embeddable":true,"href":"https:\/\/blog.bedandchai.com\/fr\/wp-json\/wp\/v2\/tags?post=1425"}],"curies":[{"name":"wp","href":"https:\/\/api.w.org\/{rel}","templated":true}]}}